{"id":61,"date":"2016-02-07T17:42:35","date_gmt":"2016-02-07T17:42:35","guid":{"rendered":"https:\/\/samogreen.com\/samogreen\/?p=61"},"modified":"2016-02-07T17:54:13","modified_gmt":"2016-02-07T17:54:13","slug":"internacionalizacao-da-samogreen","status":"publish","type":"post","link":"https:\/\/samogreen.com\/samogreen\/internacionalizacao-da-samogreen\/","title":{"rendered":"Internacionaliza\u00e7\u00e3o da Samogreen"},"content":{"rendered":"<p>A Samogreen ir\u00e1 iniciar em 2016 o seu processo de expans\u00e3o de neg\u00f3cio para outros pa\u00edses.<\/p>\n<p>A primeira paragem \u00e9 Cabo Verde, um pa\u00eds com poucos recursos, mas que apresenta condi\u00e7\u00f5es ideais para a explora\u00e7\u00e3o da energia solar e e\u00f3lica, que utilizados em proveito pr\u00f3prio poder\u00e3o contribuir para o desenvolvimento econ\u00f3mico do pa\u00eds.<\/p>\n","protected":false},"excerpt":{"rendered":"<p>A Samogreen ir\u00e1 iniciar em 2016 o seu processo de expans\u00e3o de neg\u00f3cio para outros pa\u00edses. A primeira paragem \u00e9 Cabo Verde, um pa\u00eds com poucos recursos, mas que apresenta condi\u00e7\u00f5es ideais para a explora\u00e7\u00e3o da energia solar e e\u00f3lica, que utilizados em proveito pr\u00f3prio poder\u00e3o contribuir para o desenvolvimento econ\u00f3mico do pa\u00eds.<\/p>\n","protected":false},"author":1,"featured_media":64,"comment_status":"closed","ping_status":"open","sticky":false,"template":"","format":"standard","meta":{"advgb_blocks_editor_width":"","advgb_blocks_columns_visual_guide":"","footnotes":""},"categories":[1],"tags":[],"class_list":["post-61","post","type-post","status-publish","format-standard","has-post-thumbnail","hentry","category-sem-categoria"],"yoast_head":"<!-- This site is optimized with the Yoast SEO plugin v27.3 - https:\/\/yoast.com\/product\/yoast-seo-wordpress\/ -->\n<title>Internacionaliza\u00e7\u00e3o da Samogreen - Samogreen<\/title>\n<meta name=\"description\" content=\"Samogreen expande-se para Cabo Verde.\" \/>\n<meta name=\"robots\" content=\"index, follow, max-snippet:-1, max-image-preview:large, max-video-preview:-1\" \/>\n<link rel=\"canonical\" href=\"https:\/\/samogreen.com\/samogreen\/internacionalizacao-da-samogreen\/\" \/>\n<meta property=\"og:locale\" content=\"pt_PT\" \/>\n<meta property=\"og:type\" content=\"article\" \/>\n<meta property=\"og:title\" content=\"Internacionaliza\u00e7\u00e3o da Samogreen - Samogreen\" \/>\n<meta property=\"og:description\" content=\"Samogreen expande-se para Cabo Verde.\" \/>\n<meta property=\"og:url\" content=\"https:\/\/samogreen.com\/samogreen\/internacionalizacao-da-samogreen\/\" \/>\n<meta property=\"og:site_name\" content=\"Samogreen\" \/>\n<meta property=\"article:publisher\" content=\"https:\/\/www.facebook.com\/pages\/Samogreen-Systems\/730228706990135\" \/>\n<meta property=\"article:published_time\" content=\"2016-02-07T17:42:35+00:00\" \/>\n<meta property=\"article:modified_time\" content=\"2016-02-07T17:54:13+00:00\" \/>\n<meta property=\"og:image\" content=\"https:\/\/samogreen.com\/samogreen\/wp-content\/uploads\/2016\/02\/cabo.verde_.png\" \/>\n\t<meta property=\"og:image:width\" content=\"750\" \/>\n\t<meta property=\"og:image:height\" content=\"500\" \/>\n\t<meta property=\"og:image:type\" content=\"image\/png\" \/>\n<meta name=\"author\" content=\"samogreen\" \/>\n<meta name=\"twitter:card\" content=\"summary_large_image\" \/>\n<meta name=\"twitter:label1\" content=\"Escrito por\" \/>\n\t<meta name=\"twitter:data1\" content=\"samogreen\" \/>\n<script type=\"application\/ld+json\" class=\"yoast-schema-graph\">{\"@context\":\"https:\\\/\\\/schema.org\",\"@graph\":[{\"@type\":\"Article\",\"@id\":\"https:\\\/\\\/samogreen.com\\\/samogreen\\\/internacionalizacao-da-samogreen\\\/#article\",\"isPartOf\":{\"@id\":\"https:\\\/\\\/samogreen.com\\\/samogreen\\\/internacionalizacao-da-samogreen\\\/\"},\"author\":{\"name\":\"samogreen\",\"@id\":\"https:\\\/\\\/samogreen.com\\\/samogreen\\\/#\\\/schema\\\/person\\\/6bd2e53cd292d54853319d581bd6156c\"},\"headline\":\"Internacionaliza\u00e7\u00e3o da Samogreen\",\"datePublished\":\"2016-02-07T17:42:35+00:00\",\"dateModified\":\"2016-02-07T17:54:13+00:00\",\"mainEntityOfPage\":{\"@id\":\"https:\\\/\\\/samogreen.com\\\/samogreen\\\/internacionalizacao-da-samogreen\\\/\"},\"wordCount\":66,\"publisher\":{\"@id\":\"https:\\\/\\\/samogreen.com\\\/samogreen\\\/#organization\"},\"image\":{\"@id\":\"https:\\\/\\\/samogreen.com\\\/samogreen\\\/internacionalizacao-da-samogreen\\\/#primaryimage\"},\"thumbnailUrl\":\"https:\\\/\\\/samogreen.com\\\/samogreen\\\/wp-content\\\/uploads\\\/2016\\\/02\\\/cabo.verde_.png\",\"inLanguage\":\"pt-PT\"},{\"@type\":\"WebPage\",\"@id\":\"https:\\\/\\\/samogreen.com\\\/samogreen\\\/internacionalizacao-da-samogreen\\\/\",\"url\":\"https:\\\/\\\/samogreen.com\\\/samogreen\\\/internacionalizacao-da-samogreen\\\/\",\"name\":\"Internacionaliza\u00e7\u00e3o da Samogreen - Samogreen\",\"isPartOf\":{\"@id\":\"https:\\\/\\\/samogreen.com\\\/samogreen\\\/#website\"},\"primaryImageOfPage\":{\"@id\":\"https:\\\/\\\/samogreen.com\\\/samogreen\\\/internacionalizacao-da-samogreen\\\/#primaryimage\"},\"image\":{\"@id\":\"https:\\\/\\\/samogreen.com\\\/samogreen\\\/internacionalizacao-da-samogreen\\\/#primaryimage\"},\"thumbnailUrl\":\"https:\\\/\\\/samogreen.com\\\/samogreen\\\/wp-content\\\/uploads\\\/2016\\\/02\\\/cabo.verde_.png\",\"datePublished\":\"2016-02-07T17:42:35+00:00\",\"dateModified\":\"2016-02-07T17:54:13+00:00\",\"description\":\"Samogreen expande-se para Cabo Verde.\",\"breadcrumb\":{\"@id\":\"https:\\\/\\\/samogreen.com\\\/samogreen\\\/internacionalizacao-da-samogreen\\\/#breadcrumb\"},\"inLanguage\":\"pt-PT\",\"potentialAction\":[{\"@type\":\"ReadAction\",\"target\":[\"https:\\\/\\\/samogreen.com\\\/samogreen\\\/internacionalizacao-da-samogreen\\\/\"]}]},{\"@type\":\"ImageObject\",\"inLanguage\":\"pt-PT\",\"@id\":\"https:\\\/\\\/samogreen.com\\\/samogreen\\\/internacionalizacao-da-samogreen\\\/#primaryimage\",\"url\":\"https:\\\/\\\/samogreen.com\\\/samogreen\\\/wp-content\\\/uploads\\\/2016\\\/02\\\/cabo.verde_.png\",\"contentUrl\":\"https:\\\/\\\/samogreen.com\\\/samogreen\\\/wp-content\\\/uploads\\\/2016\\\/02\\\/cabo.verde_.png\",\"width\":750,\"height\":500,\"caption\":\"Cabo Verde\"},{\"@type\":\"BreadcrumbList\",\"@id\":\"https:\\\/\\\/samogreen.com\\\/samogreen\\\/internacionalizacao-da-samogreen\\\/#breadcrumb\",\"itemListElement\":[{\"@type\":\"ListItem\",\"position\":1,\"name\":\"Home\",\"item\":\"https:\\\/\\\/samogreen.com\\\/samogreen\\\/\"},{\"@type\":\"ListItem\",\"position\":2,\"name\":\"Internacionaliza\u00e7\u00e3o da Samogreen\"}]},{\"@type\":\"WebSite\",\"@id\":\"https:\\\/\\\/samogreen.com\\\/samogreen\\\/#website\",\"url\":\"https:\\\/\\\/samogreen.com\\\/samogreen\\\/\",\"name\":\"Samogreen\",\"description\":\"Energias Renov\u00e1veis, Autoconsumo e Seguran\u00e7a Electr\u00f3nica\",\"publisher\":{\"@id\":\"https:\\\/\\\/samogreen.com\\\/samogreen\\\/#organization\"},\"alternateName\":\"Energias renov\u00e1veis e solu\u00e7\u00f5es de autoconsumo - Samogreen\",\"potentialAction\":[{\"@type\":\"SearchAction\",\"target\":{\"@type\":\"EntryPoint\",\"urlTemplate\":\"https:\\\/\\\/samogreen.com\\\/samogreen\\\/?s={search_term_string}\"},\"query-input\":{\"@type\":\"PropertyValueSpecification\",\"valueRequired\":true,\"valueName\":\"search_term_string\"}}],\"inLanguage\":\"pt-PT\"},{\"@type\":\"Organization\",\"@id\":\"https:\\\/\\\/samogreen.com\\\/samogreen\\\/#organization\",\"name\":\"SAMOGREEN - Energias renov\u00e1veis e solu\u00e7\u00f5es de autoconsumo\",\"url\":\"https:\\\/\\\/samogreen.com\\\/samogreen\\\/\",\"logo\":{\"@type\":\"ImageObject\",\"inLanguage\":\"pt-PT\",\"@id\":\"https:\\\/\\\/samogreen.com\\\/samogreen\\\/#\\\/schema\\\/logo\\\/image\\\/\",\"url\":\"https:\\\/\\\/samogreen.com\\\/samogreen\\\/wp-content\\\/uploads\\\/2016\\\/02\\\/logo.png\",\"contentUrl\":\"https:\\\/\\\/samogreen.com\\\/samogreen\\\/wp-content\\\/uploads\\\/2016\\\/02\\\/logo.png\",\"width\":285,\"height\":85,\"caption\":\"SAMOGREEN - Energias renov\u00e1veis e solu\u00e7\u00f5es de autoconsumo\"},\"image\":{\"@id\":\"https:\\\/\\\/samogreen.com\\\/samogreen\\\/#\\\/schema\\\/logo\\\/image\\\/\"},\"sameAs\":[\"https:\\\/\\\/www.facebook.com\\\/pages\\\/Samogreen-Systems\\\/730228706990135\",\"https:\\\/\\\/pt.linkedin.com\\\/in\\\/samogreen-systems-4a621021\"]},{\"@type\":\"Person\",\"@id\":\"https:\\\/\\\/samogreen.com\\\/samogreen\\\/#\\\/schema\\\/person\\\/6bd2e53cd292d54853319d581bd6156c\",\"name\":\"samogreen\",\"image\":{\"@type\":\"ImageObject\",\"inLanguage\":\"pt-PT\",\"@id\":\"https:\\\/\\\/secure.gravatar.com\\\/avatar\\\/3fb14ae3261e29821fe16191e66287c039bbb7a61b48e6bfa1305f20c8df07ac?s=96&d=mm&r=g\",\"url\":\"https:\\\/\\\/secure.gravatar.com\\\/avatar\\\/3fb14ae3261e29821fe16191e66287c039bbb7a61b48e6bfa1305f20c8df07ac?s=96&d=mm&r=g\",\"contentUrl\":\"https:\\\/\\\/secure.gravatar.com\\\/avatar\\\/3fb14ae3261e29821fe16191e66287c039bbb7a61b48e6bfa1305f20c8df07ac?s=96&d=mm&r=g\",\"caption\":\"samogreen\"},\"url\":\"https:\\\/\\\/samogreen.com\\\/samogreen\\\/author\\\/samogreen\\\/\"}]}<\/script>\n<!-- \/ Yoast SEO plugin. -->","yoast_head_json":{"title":"Internacionaliza\u00e7\u00e3o da Samogreen - Samogreen","description":"Samogreen expande-se para Cabo Verde.","robots":{"index":"index","follow":"follow","max-snippet":"max-snippet:-1","max-image-preview":"max-image-preview:large","max-video-preview":"max-video-preview:-1"},"canonical":"https:\/\/samogreen.com\/samogreen\/internacionalizacao-da-samogreen\/","og_locale":"pt_PT","og_type":"article","og_title":"Internacionaliza\u00e7\u00e3o da Samogreen - Samogreen","og_description":"Samogreen expande-se para Cabo Verde.","og_url":"https:\/\/samogreen.com\/samogreen\/internacionalizacao-da-samogreen\/","og_site_name":"Samogreen","article_publisher":"https:\/\/www.facebook.com\/pages\/Samogreen-Systems\/730228706990135","article_published_time":"2016-02-07T17:42:35+00:00","article_modified_time":"2016-02-07T17:54:13+00:00","og_image":[{"width":750,"height":500,"url":"https:\/\/samogreen.com\/samogreen\/wp-content\/uploads\/2016\/02\/cabo.verde_.png","type":"image\/png"}],"author":"samogreen","twitter_card":"summary_large_image","twitter_misc":{"Escrito por":"samogreen"},"schema":{"@context":"https:\/\/schema.org","@graph":[{"@type":"Article","@id":"https:\/\/samogreen.com\/samogreen\/internacionalizacao-da-samogreen\/#article","isPartOf":{"@id":"https:\/\/samogreen.com\/samogreen\/internacionalizacao-da-samogreen\/"},"author":{"name":"samogreen","@id":"https:\/\/samogreen.com\/samogreen\/#\/schema\/person\/6bd2e53cd292d54853319d581bd6156c"},"headline":"Internacionaliza\u00e7\u00e3o da Samogreen","datePublished":"2016-02-07T17:42:35+00:00","dateModified":"2016-02-07T17:54:13+00:00","mainEntityOfPage":{"@id":"https:\/\/samogreen.com\/samogreen\/internacionalizacao-da-samogreen\/"},"wordCount":66,"publisher":{"@id":"https:\/\/samogreen.com\/samogreen\/#organization"},"image":{"@id":"https:\/\/samogreen.com\/samogreen\/internacionalizacao-da-samogreen\/#primaryimage"},"thumbnailUrl":"https:\/\/samogreen.com\/samogreen\/wp-content\/uploads\/2016\/02\/cabo.verde_.png","inLanguage":"pt-PT"},{"@type":"WebPage","@id":"https:\/\/samogreen.com\/samogreen\/internacionalizacao-da-samogreen\/","url":"https:\/\/samogreen.com\/samogreen\/internacionalizacao-da-samogreen\/","name":"Internacionaliza\u00e7\u00e3o da Samogreen - Samogreen","isPartOf":{"@id":"https:\/\/samogreen.com\/samogreen\/#website"},"primaryImageOfPage":{"@id":"https:\/\/samogreen.com\/samogreen\/internacionalizacao-da-samogreen\/#primaryimage"},"image":{"@id":"https:\/\/samogreen.com\/samogreen\/internacionalizacao-da-samogreen\/#primaryimage"},"thumbnailUrl":"https:\/\/samogreen.com\/samogreen\/wp-content\/uploads\/2016\/02\/cabo.verde_.png","datePublished":"2016-02-07T17:42:35+00:00","dateModified":"2016-02-07T17:54:13+00:00","description":"Samogreen expande-se para Cabo Verde.","breadcrumb":{"@id":"https:\/\/samogreen.com\/samogreen\/internacionalizacao-da-samogreen\/#breadcrumb"},"inLanguage":"pt-PT","potentialAction":[{"@type":"ReadAction","target":["https:\/\/samogreen.com\/samogreen\/internacionalizacao-da-samogreen\/"]}]},{"@type":"ImageObject","inLanguage":"pt-PT","@id":"https:\/\/samogreen.com\/samogreen\/internacionalizacao-da-samogreen\/#primaryimage","url":"https:\/\/samogreen.com\/samogreen\/wp-content\/uploads\/2016\/02\/cabo.verde_.png","contentUrl":"https:\/\/samogreen.com\/samogreen\/wp-content\/uploads\/2016\/02\/cabo.verde_.png","width":750,"height":500,"caption":"Cabo Verde"},{"@type":"BreadcrumbList","@id":"https:\/\/samogreen.com\/samogreen\/internacionalizacao-da-samogreen\/#breadcrumb","itemListElement":[{"@type":"ListItem","position":1,"name":"Home","item":"https:\/\/samogreen.com\/samogreen\/"},{"@type":"ListItem","position":2,"name":"Internacionaliza\u00e7\u00e3o da Samogreen"}]},{"@type":"WebSite","@id":"https:\/\/samogreen.com\/samogreen\/#website","url":"https:\/\/samogreen.com\/samogreen\/","name":"Samogreen","description":"Energias Renov\u00e1veis, Autoconsumo e Seguran\u00e7a Electr\u00f3nica","publisher":{"@id":"https:\/\/samogreen.com\/samogreen\/#organization"},"alternateName":"Energias renov\u00e1veis e solu\u00e7\u00f5es de autoconsumo - Samogreen","potentialAction":[{"@type":"SearchAction","target":{"@type":"EntryPoint","urlTemplate":"https:\/\/samogreen.com\/samogreen\/?s={search_term_string}"},"query-input":{"@type":"PropertyValueSpecification","valueRequired":true,"valueName":"search_term_string"}}],"inLanguage":"pt-PT"},{"@type":"Organization","@id":"https:\/\/samogreen.com\/samogreen\/#organization","name":"SAMOGREEN - Energias renov\u00e1veis e solu\u00e7\u00f5es de autoconsumo","url":"https:\/\/samogreen.com\/samogreen\/","logo":{"@type":"ImageObject","inLanguage":"pt-PT","@id":"https:\/\/samogreen.com\/samogreen\/#\/schema\/logo\/image\/","url":"https:\/\/samogreen.com\/samogreen\/wp-content\/uploads\/2016\/02\/logo.png","contentUrl":"https:\/\/samogreen.com\/samogreen\/wp-content\/uploads\/2016\/02\/logo.png","width":285,"height":85,"caption":"SAMOGREEN - Energias renov\u00e1veis e solu\u00e7\u00f5es de autoconsumo"},"image":{"@id":"https:\/\/samogreen.com\/samogreen\/#\/schema\/logo\/image\/"},"sameAs":["https:\/\/www.facebook.com\/pages\/Samogreen-Systems\/730228706990135","https:\/\/pt.linkedin.com\/in\/samogreen-systems-4a621021"]},{"@type":"Person","@id":"https:\/\/samogreen.com\/samogreen\/#\/schema\/person\/6bd2e53cd292d54853319d581bd6156c","name":"samogreen","image":{"@type":"ImageObject","inLanguage":"pt-PT","@id":"https:\/\/secure.gravatar.com\/avatar\/3fb14ae3261e29821fe16191e66287c039bbb7a61b48e6bfa1305f20c8df07ac?s=96&d=mm&r=g","url":"https:\/\/secure.gravatar.com\/avatar\/3fb14ae3261e29821fe16191e66287c039bbb7a61b48e6bfa1305f20c8df07ac?s=96&d=mm&r=g","contentUrl":"https:\/\/secure.gravatar.com\/avatar\/3fb14ae3261e29821fe16191e66287c039bbb7a61b48e6bfa1305f20c8df07ac?s=96&d=mm&r=g","caption":"samogreen"},"url":"https:\/\/samogreen.com\/samogreen\/author\/samogreen\/"}]}},"author_meta":{"display_name":"samogreen","author_link":"https:\/\/samogreen.com\/samogreen\/author\/samogreen\/"},"featured_img":"https:\/\/samogreen.com\/samogreen\/wp-content\/uploads\/2016\/02\/cabo.verde_-300x200.png","coauthors":[],"tax_additional":{"categories":{"linked":["<a href=\"https:\/\/samogreen.com\/samogreen\/category\/sem-categoria\/\" class=\"advgb-post-tax-term\">Sem categoria<\/a>"],"unlinked":["<span class=\"advgb-post-tax-term\">Sem categoria<\/span>"]}},"comment_count":"0","relative_dates":{"created":"Posted 10 anos ago","modified":"Updated 10 anos ago"},"absolute_dates":{"created":"Posted on 7 Fevereiro, 2016","modified":"Updated on 7 Fevereiro, 2016"},"absolute_dates_time":{"created":"Posted on 7 Fevereiro, 2016 17:42","modified":"Updated on 7 Fevereiro, 2016 17:54"},"featured_img_caption":"","series_order":"","_links":{"self":[{"href":"https:\/\/samogreen.com\/samogreen\/wp-json\/wp\/v2\/posts\/61","targetHints":{"allow":["GET"]}}],"collection":[{"href":"https:\/\/samogreen.com\/samogreen\/wp-json\/wp\/v2\/posts"}],"about":[{"href":"https:\/\/samogreen.com\/samogreen\/wp-json\/wp\/v2\/types\/post"}],"author":[{"embeddable":true,"href":"https:\/\/samogreen.com\/samogreen\/wp-json\/wp\/v2\/users\/1"}],"replies":[{"embeddable":true,"href":"https:\/\/samogreen.com\/samogreen\/wp-json\/wp\/v2\/comments?post=61"}],"version-history":[{"count":3,"href":"https:\/\/samogreen.com\/samogreen\/wp-json\/wp\/v2\/posts\/61\/revisions"}],"predecessor-version":[{"id":66,"href":"https:\/\/samogreen.com\/samogreen\/wp-json\/wp\/v2\/posts\/61\/revisions\/66"}],"wp:featuredmedia":[{"embeddable":true,"href":"https:\/\/samogreen.com\/samogreen\/wp-json\/wp\/v2\/media\/64"}],"wp:attachment":[{"href":"https:\/\/samogreen.com\/samogreen\/wp-json\/wp\/v2\/media?parent=61"}],"wp:term":[{"taxonomy":"category","embeddable":true,"href":"https:\/\/samogreen.com\/samogreen\/wp-json\/wp\/v2\/categories?post=61"},{"taxonomy":"post_tag","embeddable":true,"href":"https:\/\/samogreen.com\/samogreen\/wp-json\/wp\/v2\/tags?post=61"}],"curies":[{"name":"wp","href":"https:\/\/api.w.org\/{rel}","templated":true}]}}