{"id":55,"date":"2016-01-07T16:06:23","date_gmt":"2016-01-07T16:06:23","guid":{"rendered":"https:\/\/samogreen.com\/samogreen\/?p=55"},"modified":"2016-02-07T17:44:31","modified_gmt":"2016-02-07T17:44:31","slug":"premio-jovem-empresario-do-ribatejo-2014","status":"publish","type":"post","link":"https:\/\/samogreen.com\/samogreen\/premio-jovem-empresario-do-ribatejo-2014\/","title":{"rendered":"Pr\u00e9mio Jovem Empres\u00e1rio do Ribatejo 2014"},"content":{"rendered":"<p>Decorreu no passado m\u00eas de Dezembro de 2015 a gala Empresa do Ano 2014, organizada pela NERSANT \u2013 Associa\u00e7\u00e3o Empresarial da Regi\u00e3o de Santar\u00e9m e pelo jornal O Mirante, na qual foi galardoado o CEO da Samogreen, Ricardo Soares, com o galard\u00e3o de Empres\u00e1rio Jovem do Ano.<\/p>\n<p><img fetchpriority=\"high\" decoding=\"async\" class=\"size-full wp-image-56 aligncenter\" src=\"https:\/\/samogreen.com\/samogreen\/wp-content\/uploads\/2016\/02\/premio1.jpg\" alt=\"premio1\" width=\"528\" height=\"792\" srcset=\"https:\/\/samogreen.com\/samogreen\/wp-content\/uploads\/2016\/02\/premio1.jpg 528w, https:\/\/samogreen.com\/samogreen\/wp-content\/uploads\/2016\/02\/premio1-200x300.jpg 200w\" sizes=\"(max-width: 528px) 100vw, 528px\" \/><\/p>\n","protected":false},"excerpt":{"rendered":"<p>Decorreu no passado m\u00eas de Dezembro de 2015 a gala Empresa do Ano 2014, organizada pela NERSANT \u2013 Associa\u00e7\u00e3o Empresarial da Regi\u00e3o de Santar\u00e9m e pelo jornal O Mirante, na qual foi galardoado o CEO da Samogreen, Ricardo Soares, com o galard\u00e3o de Empres\u00e1rio Jovem do Ano.<\/p>\n","protected":false},"author":1,"featured_media":57,"comment_status":"closed","ping_status":"open","sticky":false,"template":"","format":"image","meta":{"advgb_blocks_editor_width":"","advgb_blocks_columns_visual_guide":"","footnotes":""},"categories":[1],"tags":[],"class_list":["post-55","post","type-post","status-publish","format-image","has-post-thumbnail","hentry","category-sem-categoria","post_format-post-format-image"],"yoast_head":"<!-- This site is optimized with the Yoast SEO plugin v27.3 - https:\/\/yoast.com\/product\/yoast-seo-wordpress\/ -->\n<title>Pr\u00e9mio Jovem Empres\u00e1rio 2014 - Samogreen<\/title>\n<meta name=\"description\" content=\"CEO da Samogreen galardoado.\" \/>\n<meta name=\"robots\" content=\"index, follow, max-snippet:-1, max-image-preview:large, max-video-preview:-1\" \/>\n<link rel=\"canonical\" href=\"https:\/\/samogreen.com\/samogreen\/premio-jovem-empresario-do-ribatejo-2014\/\" \/>\n<meta property=\"og:locale\" content=\"pt_PT\" \/>\n<meta property=\"og:type\" content=\"article\" \/>\n<meta property=\"og:title\" content=\"Pr\u00e9mio Jovem Empres\u00e1rio 2014 - Samogreen\" \/>\n<meta property=\"og:description\" content=\"CEO da Samogreen galardoado.\" \/>\n<meta property=\"og:url\" content=\"https:\/\/samogreen.com\/samogreen\/premio-jovem-empresario-do-ribatejo-2014\/\" \/>\n<meta property=\"og:site_name\" content=\"Samogreen\" \/>\n<meta property=\"article:publisher\" content=\"https:\/\/www.facebook.com\/pages\/Samogreen-Systems\/730228706990135\" \/>\n<meta property=\"article:published_time\" content=\"2016-01-07T16:06:23+00:00\" \/>\n<meta property=\"article:modified_time\" content=\"2016-02-07T17:44:31+00:00\" \/>\n<meta property=\"og:image\" content=\"https:\/\/samogreen.com\/samogreen\/wp-content\/uploads\/2016\/02\/premio2.jpg\" \/>\n\t<meta property=\"og:image:width\" content=\"1188\" \/>\n\t<meta property=\"og:image:height\" content=\"792\" \/>\n\t<meta property=\"og:image:type\" content=\"image\/jpeg\" \/>\n<meta name=\"author\" content=\"samogreen\" \/>\n<meta name=\"twitter:card\" content=\"summary_large_image\" \/>\n<meta name=\"twitter:label1\" content=\"Escrito por\" \/>\n\t<meta name=\"twitter:data1\" content=\"samogreen\" \/>\n<script type=\"application\/ld+json\" class=\"yoast-schema-graph\">{\"@context\":\"https:\\\/\\\/schema.org\",\"@graph\":[{\"@type\":\"Article\",\"@id\":\"https:\\\/\\\/samogreen.com\\\/samogreen\\\/premio-jovem-empresario-do-ribatejo-2014\\\/#article\",\"isPartOf\":{\"@id\":\"https:\\\/\\\/samogreen.com\\\/samogreen\\\/premio-jovem-empresario-do-ribatejo-2014\\\/\"},\"author\":{\"name\":\"samogreen\",\"@id\":\"https:\\\/\\\/samogreen.com\\\/samogreen\\\/#\\\/schema\\\/person\\\/6bd2e53cd292d54853319d581bd6156c\"},\"headline\":\"Pr\u00e9mio Jovem Empres\u00e1rio do Ribatejo 2014\",\"datePublished\":\"2016-01-07T16:06:23+00:00\",\"dateModified\":\"2016-02-07T17:44:31+00:00\",\"mainEntityOfPage\":{\"@id\":\"https:\\\/\\\/samogreen.com\\\/samogreen\\\/premio-jovem-empresario-do-ribatejo-2014\\\/\"},\"wordCount\":57,\"publisher\":{\"@id\":\"https:\\\/\\\/samogreen.com\\\/samogreen\\\/#organization\"},\"image\":{\"@id\":\"https:\\\/\\\/samogreen.com\\\/samogreen\\\/premio-jovem-empresario-do-ribatejo-2014\\\/#primaryimage\"},\"thumbnailUrl\":\"https:\\\/\\\/samogreen.com\\\/samogreen\\\/wp-content\\\/uploads\\\/2016\\\/02\\\/premio2.jpg\",\"inLanguage\":\"pt-PT\"},{\"@type\":\"WebPage\",\"@id\":\"https:\\\/\\\/samogreen.com\\\/samogreen\\\/premio-jovem-empresario-do-ribatejo-2014\\\/\",\"url\":\"https:\\\/\\\/samogreen.com\\\/samogreen\\\/premio-jovem-empresario-do-ribatejo-2014\\\/\",\"name\":\"Pr\u00e9mio Jovem Empres\u00e1rio 2014 - Samogreen\",\"isPartOf\":{\"@id\":\"https:\\\/\\\/samogreen.com\\\/samogreen\\\/#website\"},\"primaryImageOfPage\":{\"@id\":\"https:\\\/\\\/samogreen.com\\\/samogreen\\\/premio-jovem-empresario-do-ribatejo-2014\\\/#primaryimage\"},\"image\":{\"@id\":\"https:\\\/\\\/samogreen.com\\\/samogreen\\\/premio-jovem-empresario-do-ribatejo-2014\\\/#primaryimage\"},\"thumbnailUrl\":\"https:\\\/\\\/samogreen.com\\\/samogreen\\\/wp-content\\\/uploads\\\/2016\\\/02\\\/premio2.jpg\",\"datePublished\":\"2016-01-07T16:06:23+00:00\",\"dateModified\":\"2016-02-07T17:44:31+00:00\",\"description\":\"CEO da Samogreen galardoado.\",\"breadcrumb\":{\"@id\":\"https:\\\/\\\/samogreen.com\\\/samogreen\\\/premio-jovem-empresario-do-ribatejo-2014\\\/#breadcrumb\"},\"inLanguage\":\"pt-PT\",\"potentialAction\":[{\"@type\":\"ReadAction\",\"target\":[\"https:\\\/\\\/samogreen.com\\\/samogreen\\\/premio-jovem-empresario-do-ribatejo-2014\\\/\"]}]},{\"@type\":\"ImageObject\",\"inLanguage\":\"pt-PT\",\"@id\":\"https:\\\/\\\/samogreen.com\\\/samogreen\\\/premio-jovem-empresario-do-ribatejo-2014\\\/#primaryimage\",\"url\":\"https:\\\/\\\/samogreen.com\\\/samogreen\\\/wp-content\\\/uploads\\\/2016\\\/02\\\/premio2.jpg\",\"contentUrl\":\"https:\\\/\\\/samogreen.com\\\/samogreen\\\/wp-content\\\/uploads\\\/2016\\\/02\\\/premio2.jpg\",\"width\":1188,\"height\":792,\"caption\":\"premio\"},{\"@type\":\"BreadcrumbList\",\"@id\":\"https:\\\/\\\/samogreen.com\\\/samogreen\\\/premio-jovem-empresario-do-ribatejo-2014\\\/#breadcrumb\",\"itemListElement\":[{\"@type\":\"ListItem\",\"position\":1,\"name\":\"Home\",\"item\":\"https:\\\/\\\/samogreen.com\\\/samogreen\\\/\"},{\"@type\":\"ListItem\",\"position\":2,\"name\":\"Imagem\",\"item\":\"https:\\\/\\\/samogreen.com\\\/samogreen\\\/type\\\/image\\\/\"},{\"@type\":\"ListItem\",\"position\":3,\"name\":\"Pr\u00e9mio Jovem Empres\u00e1rio do Ribatejo 2014\"}]},{\"@type\":\"WebSite\",\"@id\":\"https:\\\/\\\/samogreen.com\\\/samogreen\\\/#website\",\"url\":\"https:\\\/\\\/samogreen.com\\\/samogreen\\\/\",\"name\":\"Samogreen\",\"description\":\"Energias Renov\u00e1veis, Autoconsumo e Seguran\u00e7a Electr\u00f3nica\",\"publisher\":{\"@id\":\"https:\\\/\\\/samogreen.com\\\/samogreen\\\/#organization\"},\"alternateName\":\"Energias renov\u00e1veis e solu\u00e7\u00f5es de autoconsumo - Samogreen\",\"potentialAction\":[{\"@type\":\"SearchAction\",\"target\":{\"@type\":\"EntryPoint\",\"urlTemplate\":\"https:\\\/\\\/samogreen.com\\\/samogreen\\\/?s={search_term_string}\"},\"query-input\":{\"@type\":\"PropertyValueSpecification\",\"valueRequired\":true,\"valueName\":\"search_term_string\"}}],\"inLanguage\":\"pt-PT\"},{\"@type\":\"Organization\",\"@id\":\"https:\\\/\\\/samogreen.com\\\/samogreen\\\/#organization\",\"name\":\"SAMOGREEN - Energias renov\u00e1veis e solu\u00e7\u00f5es de autoconsumo\",\"url\":\"https:\\\/\\\/samogreen.com\\\/samogreen\\\/\",\"logo\":{\"@type\":\"ImageObject\",\"inLanguage\":\"pt-PT\",\"@id\":\"https:\\\/\\\/samogreen.com\\\/samogreen\\\/#\\\/schema\\\/logo\\\/image\\\/\",\"url\":\"https:\\\/\\\/samogreen.com\\\/samogreen\\\/wp-content\\\/uploads\\\/2016\\\/02\\\/logo.png\",\"contentUrl\":\"https:\\\/\\\/samogreen.com\\\/samogreen\\\/wp-content\\\/uploads\\\/2016\\\/02\\\/logo.png\",\"width\":285,\"height\":85,\"caption\":\"SAMOGREEN - Energias renov\u00e1veis e solu\u00e7\u00f5es de autoconsumo\"},\"image\":{\"@id\":\"https:\\\/\\\/samogreen.com\\\/samogreen\\\/#\\\/schema\\\/logo\\\/image\\\/\"},\"sameAs\":[\"https:\\\/\\\/www.facebook.com\\\/pages\\\/Samogreen-Systems\\\/730228706990135\",\"https:\\\/\\\/pt.linkedin.com\\\/in\\\/samogreen-systems-4a621021\"]},{\"@type\":\"Person\",\"@id\":\"https:\\\/\\\/samogreen.com\\\/samogreen\\\/#\\\/schema\\\/person\\\/6bd2e53cd292d54853319d581bd6156c\",\"name\":\"samogreen\",\"image\":{\"@type\":\"ImageObject\",\"inLanguage\":\"pt-PT\",\"@id\":\"https:\\\/\\\/secure.gravatar.com\\\/avatar\\\/3fb14ae3261e29821fe16191e66287c039bbb7a61b48e6bfa1305f20c8df07ac?s=96&d=mm&r=g\",\"url\":\"https:\\\/\\\/secure.gravatar.com\\\/avatar\\\/3fb14ae3261e29821fe16191e66287c039bbb7a61b48e6bfa1305f20c8df07ac?s=96&d=mm&r=g\",\"contentUrl\":\"https:\\\/\\\/secure.gravatar.com\\\/avatar\\\/3fb14ae3261e29821fe16191e66287c039bbb7a61b48e6bfa1305f20c8df07ac?s=96&d=mm&r=g\",\"caption\":\"samogreen\"},\"url\":\"https:\\\/\\\/samogreen.com\\\/samogreen\\\/author\\\/samogreen\\\/\"}]}<\/script>\n<!-- \/ Yoast SEO plugin. -->","yoast_head_json":{"title":"Pr\u00e9mio Jovem Empres\u00e1rio 2014 - Samogreen","description":"CEO da Samogreen galardoado.","robots":{"index":"index","follow":"follow","max-snippet":"max-snippet:-1","max-image-preview":"max-image-preview:large","max-video-preview":"max-video-preview:-1"},"canonical":"https:\/\/samogreen.com\/samogreen\/premio-jovem-empresario-do-ribatejo-2014\/","og_locale":"pt_PT","og_type":"article","og_title":"Pr\u00e9mio Jovem Empres\u00e1rio 2014 - Samogreen","og_description":"CEO da Samogreen galardoado.","og_url":"https:\/\/samogreen.com\/samogreen\/premio-jovem-empresario-do-ribatejo-2014\/","og_site_name":"Samogreen","article_publisher":"https:\/\/www.facebook.com\/pages\/Samogreen-Systems\/730228706990135","article_published_time":"2016-01-07T16:06:23+00:00","article_modified_time":"2016-02-07T17:44:31+00:00","og_image":[{"width":1188,"height":792,"url":"https:\/\/samogreen.com\/samogreen\/wp-content\/uploads\/2016\/02\/premio2.jpg","type":"image\/jpeg"}],"author":"samogreen","twitter_card":"summary_large_image","twitter_misc":{"Escrito por":"samogreen"},"schema":{"@context":"https:\/\/schema.org","@graph":[{"@type":"Article","@id":"https:\/\/samogreen.com\/samogreen\/premio-jovem-empresario-do-ribatejo-2014\/#article","isPartOf":{"@id":"https:\/\/samogreen.com\/samogreen\/premio-jovem-empresario-do-ribatejo-2014\/"},"author":{"name":"samogreen","@id":"https:\/\/samogreen.com\/samogreen\/#\/schema\/person\/6bd2e53cd292d54853319d581bd6156c"},"headline":"Pr\u00e9mio Jovem Empres\u00e1rio do Ribatejo 2014","datePublished":"2016-01-07T16:06:23+00:00","dateModified":"2016-02-07T17:44:31+00:00","mainEntityOfPage":{"@id":"https:\/\/samogreen.com\/samogreen\/premio-jovem-empresario-do-ribatejo-2014\/"},"wordCount":57,"publisher":{"@id":"https:\/\/samogreen.com\/samogreen\/#organization"},"image":{"@id":"https:\/\/samogreen.com\/samogreen\/premio-jovem-empresario-do-ribatejo-2014\/#primaryimage"},"thumbnailUrl":"https:\/\/samogreen.com\/samogreen\/wp-content\/uploads\/2016\/02\/premio2.jpg","inLanguage":"pt-PT"},{"@type":"WebPage","@id":"https:\/\/samogreen.com\/samogreen\/premio-jovem-empresario-do-ribatejo-2014\/","url":"https:\/\/samogreen.com\/samogreen\/premio-jovem-empresario-do-ribatejo-2014\/","name":"Pr\u00e9mio Jovem Empres\u00e1rio 2014 - Samogreen","isPartOf":{"@id":"https:\/\/samogreen.com\/samogreen\/#website"},"primaryImageOfPage":{"@id":"https:\/\/samogreen.com\/samogreen\/premio-jovem-empresario-do-ribatejo-2014\/#primaryimage"},"image":{"@id":"https:\/\/samogreen.com\/samogreen\/premio-jovem-empresario-do-ribatejo-2014\/#primaryimage"},"thumbnailUrl":"https:\/\/samogreen.com\/samogreen\/wp-content\/uploads\/2016\/02\/premio2.jpg","datePublished":"2016-01-07T16:06:23+00:00","dateModified":"2016-02-07T17:44:31+00:00","description":"CEO da Samogreen galardoado.","breadcrumb":{"@id":"https:\/\/samogreen.com\/samogreen\/premio-jovem-empresario-do-ribatejo-2014\/#breadcrumb"},"inLanguage":"pt-PT","potentialAction":[{"@type":"ReadAction","target":["https:\/\/samogreen.com\/samogreen\/premio-jovem-empresario-do-ribatejo-2014\/"]}]},{"@type":"ImageObject","inLanguage":"pt-PT","@id":"https:\/\/samogreen.com\/samogreen\/premio-jovem-empresario-do-ribatejo-2014\/#primaryimage","url":"https:\/\/samogreen.com\/samogreen\/wp-content\/uploads\/2016\/02\/premio2.jpg","contentUrl":"https:\/\/samogreen.com\/samogreen\/wp-content\/uploads\/2016\/02\/premio2.jpg","width":1188,"height":792,"caption":"premio"},{"@type":"BreadcrumbList","@id":"https:\/\/samogreen.com\/samogreen\/premio-jovem-empresario-do-ribatejo-2014\/#breadcrumb","itemListElement":[{"@type":"ListItem","position":1,"name":"Home","item":"https:\/\/samogreen.com\/samogreen\/"},{"@type":"ListItem","position":2,"name":"Imagem","item":"https:\/\/samogreen.com\/samogreen\/type\/image\/"},{"@type":"ListItem","position":3,"name":"Pr\u00e9mio Jovem Empres\u00e1rio do Ribatejo 2014"}]},{"@type":"WebSite","@id":"https:\/\/samogreen.com\/samogreen\/#website","url":"https:\/\/samogreen.com\/samogreen\/","name":"Samogreen","description":"Energias Renov\u00e1veis, Autoconsumo e Seguran\u00e7a Electr\u00f3nica","publisher":{"@id":"https:\/\/samogreen.com\/samogreen\/#organization"},"alternateName":"Energias renov\u00e1veis e solu\u00e7\u00f5es de autoconsumo - Samogreen","potentialAction":[{"@type":"SearchAction","target":{"@type":"EntryPoint","urlTemplate":"https:\/\/samogreen.com\/samogreen\/?s={search_term_string}"},"query-input":{"@type":"PropertyValueSpecification","valueRequired":true,"valueName":"search_term_string"}}],"inLanguage":"pt-PT"},{"@type":"Organization","@id":"https:\/\/samogreen.com\/samogreen\/#organization","name":"SAMOGREEN - Energias renov\u00e1veis e solu\u00e7\u00f5es de autoconsumo","url":"https:\/\/samogreen.com\/samogreen\/","logo":{"@type":"ImageObject","inLanguage":"pt-PT","@id":"https:\/\/samogreen.com\/samogreen\/#\/schema\/logo\/image\/","url":"https:\/\/samogreen.com\/samogreen\/wp-content\/uploads\/2016\/02\/logo.png","contentUrl":"https:\/\/samogreen.com\/samogreen\/wp-content\/uploads\/2016\/02\/logo.png","width":285,"height":85,"caption":"SAMOGREEN - Energias renov\u00e1veis e solu\u00e7\u00f5es de autoconsumo"},"image":{"@id":"https:\/\/samogreen.com\/samogreen\/#\/schema\/logo\/image\/"},"sameAs":["https:\/\/www.facebook.com\/pages\/Samogreen-Systems\/730228706990135","https:\/\/pt.linkedin.com\/in\/samogreen-systems-4a621021"]},{"@type":"Person","@id":"https:\/\/samogreen.com\/samogreen\/#\/schema\/person\/6bd2e53cd292d54853319d581bd6156c","name":"samogreen","image":{"@type":"ImageObject","inLanguage":"pt-PT","@id":"https:\/\/secure.gravatar.com\/avatar\/3fb14ae3261e29821fe16191e66287c039bbb7a61b48e6bfa1305f20c8df07ac?s=96&d=mm&r=g","url":"https:\/\/secure.gravatar.com\/avatar\/3fb14ae3261e29821fe16191e66287c039bbb7a61b48e6bfa1305f20c8df07ac?s=96&d=mm&r=g","contentUrl":"https:\/\/secure.gravatar.com\/avatar\/3fb14ae3261e29821fe16191e66287c039bbb7a61b48e6bfa1305f20c8df07ac?s=96&d=mm&r=g","caption":"samogreen"},"url":"https:\/\/samogreen.com\/samogreen\/author\/samogreen\/"}]}},"author_meta":{"display_name":"samogreen","author_link":"https:\/\/samogreen.com\/samogreen\/author\/samogreen\/"},"featured_img":"https:\/\/samogreen.com\/samogreen\/wp-content\/uploads\/2016\/02\/premio2-300x200.jpg","coauthors":[],"tax_additional":{"categories":{"linked":["<a href=\"https:\/\/samogreen.com\/samogreen\/category\/sem-categoria\/\" class=\"advgb-post-tax-term\">Sem categoria<\/a>"],"unlinked":["<span class=\"advgb-post-tax-term\">Sem categoria<\/span>"]}},"comment_count":"0","relative_dates":{"created":"Posted 10 anos ago","modified":"Updated 10 anos ago"},"absolute_dates":{"created":"Posted on 7 Janeiro, 2016","modified":"Updated on 7 Fevereiro, 2016"},"absolute_dates_time":{"created":"Posted on 7 Janeiro, 2016 16:06","modified":"Updated on 7 Fevereiro, 2016 17:44"},"featured_img_caption":"","series_order":"","_links":{"self":[{"href":"https:\/\/samogreen.com\/samogreen\/wp-json\/wp\/v2\/posts\/55","targetHints":{"allow":["GET"]}}],"collection":[{"href":"https:\/\/samogreen.com\/samogreen\/wp-json\/wp\/v2\/posts"}],"about":[{"href":"https:\/\/samogreen.com\/samogreen\/wp-json\/wp\/v2\/types\/post"}],"author":[{"embeddable":true,"href":"https:\/\/samogreen.com\/samogreen\/wp-json\/wp\/v2\/users\/1"}],"replies":[{"embeddable":true,"href":"https:\/\/samogreen.com\/samogreen\/wp-json\/wp\/v2\/comments?post=55"}],"version-history":[{"count":1,"href":"https:\/\/samogreen.com\/samogreen\/wp-json\/wp\/v2\/posts\/55\/revisions"}],"predecessor-version":[{"id":58,"href":"https:\/\/samogreen.com\/samogreen\/wp-json\/wp\/v2\/posts\/55\/revisions\/58"}],"wp:featuredmedia":[{"embeddable":true,"href":"https:\/\/samogreen.com\/samogreen\/wp-json\/wp\/v2\/media\/57"}],"wp:attachment":[{"href":"https:\/\/samogreen.com\/samogreen\/wp-json\/wp\/v2\/media?parent=55"}],"wp:term":[{"taxonomy":"category","embeddable":true,"href":"https:\/\/samogreen.com\/samogreen\/wp-json\/wp\/v2\/categories?post=55"},{"taxonomy":"post_tag","embeddable":true,"href":"https:\/\/samogreen.com\/samogreen\/wp-json\/wp\/v2\/tags?post=55"}],"curies":[{"name":"wp","href":"https:\/\/api.w.org\/{rel}","templated":true}]}}